{"id":1409,"date":"2026-04-20T21:34:00","date_gmt":"2026-04-20T19:34:00","guid":{"rendered":"https:\/\/www.sah-krsko.si\/?p=1409"},"modified":"2026-04-26T21:58:05","modified_gmt":"2026-04-26T19:58:05","slug":"vabilo-na-zbor-clanov-sk-kostak-krsko-2026","status":"publish","type":"post","link":"https:\/\/www.sah-krsko.si\/index.php\/2026\/04\/20\/vabilo-na-zbor-clanov-sk-kostak-krsko-2026\/","title":{"rendered":"Vabilo na Zbor \u010dlanov \u0160K Kostak Kr\u0161ko 2026"},"content":{"rendered":"\n<p>Na podlagi <em><strong>12. \u010dlena statuta \u0160K Kostak Kr\u0161ko<\/strong><\/em>, sklicuje predsednik dru\u0161tva <em><strong>Redni zbor \u010dlanov<\/strong><\/em> \u0160K Kostak Kr\u0161ko v <em><strong>ponedeljek, 4.5.2026<\/strong><\/em> ob <em><strong>18:00<\/strong><\/em> uri v klubskih prostorih.<\/p>\n\n\n\n<p>Redni zbor \u010dlanov predvideva naslednji dnevni red:<\/p>\n\n\n\n<ol class=\"wp-block-list\">\n<li><em><strong>Otvoritev<\/strong><\/em>, ugotovitev sklep\u010dnosti in potrditev dnevnega reda<\/li>\n\n\n\n<li><em><strong>Imenovanje delovnega predsedstva<\/strong><\/em><\/li>\n\n\n\n<li><em><strong>Predstavitev in potrditev poro\u010dil<\/strong><\/em> za leto 2025<\/li>\n\n\n\n<li><strong><em>Seznanitev z odstopom presenika \u0160K Kostak Kr\u0161ko<\/em><\/strong><\/li>\n\n\n\n<li><strong><em>Imenovanje vr\u0161ilca dol\u017enosti predsednika<\/em><\/strong> in razpis volilnega zbora \u010dlanov<\/li>\n\n\n\n<li><strong><em>Predstavitev programa<\/em><\/strong> za leto 2026<\/li>\n\n\n\n<li><strong><em>Razno<\/em><\/strong><\/li>\n\n\n\n<li><strong><em>Zaklju\u010dek <\/em><\/strong>Zbora \u010dlanov<\/li>\n<\/ol>\n\n\n\n<p>Gradivo bo razpolo\u017eljivo en teden pred pri\u010detkom Zbora \u010dlanov in se bo nahajalo v prostorih \u0160K Kostak Kr\u0161ko. Na izrecno \u017eeljo, se gradiva lahko posreduje tudi na \u010dlanov naslov elektronske po\u0161te.<\/p>\n\n\n\n<p>K udele\u017ebi vabljeni vsi \u010dlani dru\u0161tva ter ostali vabljeni gosti.<\/p>\n\n\n\n<p>predsednik \u0160K Kostak Kr\u0161ko<br>Aljo\u0161a Preskar<\/p>\n\n\n\n<p>Kr\u0161ko, 20.4.2026<\/p>\n\n\n\n<div data-wp-interactive=\"core\/file\" class=\"wp-block-file\"><object data-wp-bind--hidden=\"!state.hasPdfPreview\" hidden class=\"wp-block-file__embed\" data=\"http:\/\/www.sah-krsko.si\/wp-content\/uploads\/2026\/04\/OZ_2026.pdf\" type=\"application\/pdf\" style=\"width:100%;height:600px\" aria-label=\"Vdelava OZ_2026\"><\/object><a id=\"wp-block-file--media-411a3a14-7d92-4183-9224-12035340d6e6\" href=\"http:\/\/www.sah-krsko.si\/wp-content\/uploads\/2026\/04\/OZ_2026.pdf\">OZ_2026<\/a><a href=\"http:\/\/www.sah-krsko.si\/wp-content\/uploads\/2026\/04\/OZ_2026.pdf\" class=\"wp-block-file__button wp-element-button\" download aria-describedby=\"wp-block-file--media-411a3a14-7d92-4183-9224-12035340d6e6\">Prenos<\/a><\/div>\n\n\n\n<p><\/p>\n","protected":false},"excerpt":{"rendered":"<p>Na podlagi 12. \u010dlena statuta \u0160K Kostak Kr\u0161ko, sklicuje predsednik dru\u0161tva Redni zbor \u010dlanov \u0160K Kostak Kr\u0161ko v ponedeljek, 4.5.2026 ob 18:00 uri v klubskih prostorih. Redni zbor \u010dlanov predvideva naslednji dnevni red: Gradivo bo razpolo\u017eljivo en teden pred pri\u010detkom Zbora \u010dlanov in se bo nahajalo v prostorih \u0160K Kostak&#8230;<\/p>\n","protected":false},"author":1,"featured_media":0,"comment_status":"open","ping_status":"closed","sticky":false,"template":"","format":"standard","meta":{"footnotes":""},"categories":[8,10],"tags":[],"class_list":["post-1409","post","type-post","status-publish","format-standard","hentry","category-aktualne-novice","category-vabilo-na-ostale-prireditve"],"aioseo_notices":[],"_links":{"self":[{"href":"https:\/\/www.sah-krsko.si\/index.php\/wp-json\/wp\/v2\/posts\/1409","targetHints":{"allow":["GET"]}}],"collection":[{"href":"https:\/\/www.sah-krsko.si\/index.php\/wp-json\/wp\/v2\/posts"}],"about":[{"href":"https:\/\/www.sah-krsko.si\/index.php\/wp-json\/wp\/v2\/types\/post"}],"author":[{"embeddable":true,"href":"https:\/\/www.sah-krsko.si\/index.php\/wp-json\/wp\/v2\/users\/1"}],"replies":[{"embeddable":true,"href":"https:\/\/www.sah-krsko.si\/index.php\/wp-json\/wp\/v2\/comments?post=1409"}],"version-history":[{"count":3,"href":"https:\/\/www.sah-krsko.si\/index.php\/wp-json\/wp\/v2\/posts\/1409\/revisions"}],"predecessor-version":[{"id":1413,"href":"https:\/\/www.sah-krsko.si\/index.php\/wp-json\/wp\/v2\/posts\/1409\/revisions\/1413"}],"wp:attachment":[{"href":"https:\/\/www.sah-krsko.si\/index.php\/wp-json\/wp\/v2\/media?parent=1409"}],"wp:term":[{"taxonomy":"category","embeddable":true,"href":"https:\/\/www.sah-krsko.si\/index.php\/wp-json\/wp\/v2\/categories?post=1409"},{"taxonomy":"post_tag","embeddable":true,"href":"https:\/\/www.sah-krsko.si\/index.php\/wp-json\/wp\/v2\/tags?post=1409"}],"curies":[{"name":"wp","href":"https:\/\/api.w.org\/{rel}","templated":true}]}}